{"id":3332,"date":"2024-12-07T16:09:56","date_gmt":"2024-12-07T16:09:56","guid":{"rendered":"https:\/\/vignerons-saint-dezery.fr\/?p=3332"},"modified":"2024-12-07T16:09:56","modified_gmt":"2024-12-07T16:09:56","slug":"%f0%9f%8e%84-la-deziree-2022-le-vin-blanc-incontournable-pour-vos-fetes-%e2%9c%a8","status":"publish","type":"post","link":"https:\/\/vignerons-saint-dezery.fr\/en\/%f0%9f%8e%84-la-deziree-2022-le-vin-blanc-incontournable-pour-vos-fetes-%e2%9c%a8\/","title":{"rendered":"\ud83c\udf84 La D\u00e9zir\u00e9e 2022 : Le vin blanc incontournable pour vos f\u00eates \u2728"},"content":{"rendered":"<p>Pour cette saison festive, laissez vous s\u00e9duire par <strong>La D\u00e9zir\u00e9e 2022<\/strong>, notre vin blanc sp\u00e9cialement \u00e9labor\u00e9 pour accompagner vos moments gourmands et conviviaux. Ce vin est l\u2019alli\u00e9 parfait pour sublimer vos ap\u00e9ritifs et vos plats d\u00e9licats, tout en apportant une touche d&rsquo;\u00e9l\u00e9gance \u00e0 votre table de f\u00eate.<\/p>\n<p><strong>Un vin qui invite au partage :<\/strong><br \/>\nAvec ses ar\u00f4mes subtils et sa fra\u00eecheur, <strong>La D\u00e9zir\u00e9e 2022<\/strong> s\u2019accorde merveilleusement bien avec :<\/p>\n<ul>\n<li>\ud83e\udd42 <strong>Vos ap\u00e9ritifs festifs<\/strong> : un parfait compagnon pour des toasts aux saveurs raffin\u00e9es.<\/li>\n<li>\ud83d\udc1f <strong>Le saumon ou la truite fum\u00e9e<\/strong> : sa l\u00e9g\u00e8ret\u00e9 et sa vivacit\u00e9 \u00e9quilibrent \u00e0 la perfection ces mets d\u00e9licats.<\/li>\n<\/ul>\n<p><strong>Venez la d\u00e9couvrir :<\/strong><br \/>\nDisponible en exclusivit\u00e9 pour les f\u00eates, <strong>La D\u00e9zir\u00e9e 2022<\/strong> est \u00e0 d\u00e9guster directement au caveau. Laissez vous guider par notre \u00e9quipe pour d\u00e9couvrir tout son potentiel et choisir les meilleurs accords mets et vins pour vos repas.<\/p>\n<p><img decoding=\"async\" class=\"lazyload alignnone wp-image-3333 size-full\" src=\"https:\/\/vignerons-saint-dezery.fr\/wp-content\/uploads\/2024\/12\/IMG_2706-Noel-Deziree-2022-scaled.jpg\" data-orig-src=\"https:\/\/vignerons-saint-dezery.fr\/wp-content\/uploads\/2024\/12\/IMG_2706-Noel-Deziree-2022-scaled.jpg\" alt=\"\" width=\"900\" height=\"1200\" srcset=\"data:image\/svg+xml,%3Csvg%20xmlns%3D%27http%3A%2F%2Fwww.w3.org%2F2000%2Fsvg%27%20width%3D%27900%27%20height%3D%271200%27%20viewBox%3D%270%200%20900%201200%27%3E%3Crect%20width%3D%27900%27%20height%3D%271200%27%20fill-opacity%3D%220%22%2F%3E%3C%2Fsvg%3E\" data-srcset=\"https:\/\/vignerons-saint-dezery.fr\/wp-content\/uploads\/2024\/12\/IMG_2706-Noel-Deziree-2022-9x12.jpg 9w, https:\/\/vignerons-saint-dezery.fr\/wp-content\/uploads\/2024\/12\/IMG_2706-Noel-Deziree-2022-200x267.jpg 200w, https:\/\/vignerons-saint-dezery.fr\/wp-content\/uploads\/2024\/12\/IMG_2706-Noel-Deziree-2022-225x300.jpg 225w, https:\/\/vignerons-saint-dezery.fr\/wp-content\/uploads\/2024\/12\/IMG_2706-Noel-Deziree-2022-400x533.jpg 400w, https:\/\/vignerons-saint-dezery.fr\/wp-content\/uploads\/2024\/12\/IMG_2706-Noel-Deziree-2022-600x800.jpg 600w, https:\/\/vignerons-saint-dezery.fr\/wp-content\/uploads\/2024\/12\/IMG_2706-Noel-Deziree-2022-768x1024.jpg 768w, https:\/\/vignerons-saint-dezery.fr\/wp-content\/uploads\/2024\/12\/IMG_2706-Noel-Deziree-2022-800x1067.jpg 800w, https:\/\/vignerons-saint-dezery.fr\/wp-content\/uploads\/2024\/12\/IMG_2706-Noel-Deziree-2022-scaled.jpg 900w, https:\/\/vignerons-saint-dezery.fr\/wp-content\/uploads\/2024\/12\/IMG_2706-Noel-Deziree-2022-1152x1536.jpg 1152w, https:\/\/vignerons-saint-dezery.fr\/wp-content\/uploads\/2024\/12\/IMG_2706-Noel-Deziree-2022-1200x1600.jpg 1200w, https:\/\/vignerons-saint-dezery.fr\/wp-content\/uploads\/2024\/12\/IMG_2706-Noel-Deziree-2022-1536x2048.jpg 1536w\" data-sizes=\"auto\" data-orig-sizes=\"(max-width: 900px) 100vw, 900px\" \/><\/p>","protected":false},"excerpt":{"rendered":"<p>Pour cette saison festive, laissez vous s\u00e9duire par La D\u00e9zir\u00e9e [&hellip;]<\/p>","protected":false},"author":2,"featured_media":3333,"comment_status":"closed","ping_status":"closed","sticky":false,"template":"","format":"standard","meta":{"footnotes":""},"categories":[2],"tags":[],"class_list":["post-3332","post","type-post","status-publish","format-standard","has-post-thumbnail","hentry","category-a-la-cave"],"yoast_head":"<!-- This site is optimized with the Yoast SEO plugin v22.8 - https:\/\/yoast.com\/wordpress\/plugins\/seo\/ -->\n<title>\ud83c\udf84 La D\u00e9zir\u00e9e 2022 : Le vin blanc incontournable pour vos f\u00eates \u2728 - Les vignerons de Saint-D\u00e9z\u00e9ry<\/title>\n<meta name=\"description\" content=\"Pour cette saison festive, laissez vous s\u00e9duire par La D\u00e9zir\u00e9e 2022, notre vin blanc sp\u00e9cialement \u00e9labor\u00e9 pour accompagner vos moments gourmands et\" \/>\n<meta name=\"robots\" content=\"index, follow, max-snippet:-1, max-image-preview:large, max-video-preview:-1\" \/>\n<link rel=\"canonical\" href=\"https:\/\/vignerons-saint-dezery.fr\/en\/\ud83c\udf84-la-deziree-2022-le-vin-blanc-incontournable-pour-vos-fetes-\u2728\/\" \/>\n<meta property=\"og:locale\" content=\"en_GB\" \/>\n<meta property=\"og:type\" content=\"article\" \/>\n<meta property=\"og:title\" content=\"\ud83c\udf84 La D\u00e9zir\u00e9e 2022 : Le vin blanc incontournable pour vos f\u00eates \u2728 - Les vignerons de Saint-D\u00e9z\u00e9ry\" \/>\n<meta property=\"og:description\" content=\"Pour cette saison festive, laissez vous s\u00e9duire par La D\u00e9zir\u00e9e 2022, notre vin blanc sp\u00e9cialement \u00e9labor\u00e9 pour accompagner vos moments gourmands et\" \/>\n<meta property=\"og:url\" content=\"https:\/\/vignerons-saint-dezery.fr\/en\/\ud83c\udf84-la-deziree-2022-le-vin-blanc-incontournable-pour-vos-fetes-\u2728\/\" \/>\n<meta property=\"og:site_name\" content=\"Les vignerons de Saint-D\u00e9z\u00e9ry\" \/>\n<meta property=\"article:publisher\" content=\"https:\/\/www.facebook.com\/cave.saintdezery\/?locale=fr_FR\" \/>\n<meta property=\"article:published_time\" content=\"2024-12-07T16:09:56+00:00\" \/>\n<meta property=\"og:image\" content=\"https:\/\/vignerons-saint-dezery.fr\/wp-content\/uploads\/2024\/12\/IMG_2706-Noel-Deziree-2022-scaled.jpg\" \/>\n\t<meta property=\"og:image:width\" content=\"900\" \/>\n\t<meta property=\"og:image:height\" content=\"1200\" \/>\n\t<meta property=\"og:image:type\" content=\"image\/jpeg\" \/>\n<meta name=\"author\" content=\"saintD\" \/>\n<meta name=\"twitter:card\" content=\"summary_large_image\" \/>\n<meta name=\"twitter:label1\" content=\"Written by\" \/>\n\t<meta name=\"twitter:data1\" content=\"saintD\" \/>\n\t<meta name=\"twitter:label2\" content=\"Estimated reading time\" \/>\n\t<meta name=\"twitter:data2\" content=\"1 minute\" \/>\n<script type=\"application\/ld+json\" class=\"yoast-schema-graph\">{\"@context\":\"https:\/\/schema.org\",\"@graph\":[{\"@type\":\"Article\",\"@id\":\"https:\/\/vignerons-saint-dezery.fr\/%f0%9f%8e%84-la-deziree-2022-le-vin-blanc-incontournable-pour-vos-fetes-%e2%9c%a8\/#article\",\"isPartOf\":{\"@id\":\"https:\/\/vignerons-saint-dezery.fr\/%f0%9f%8e%84-la-deziree-2022-le-vin-blanc-incontournable-pour-vos-fetes-%e2%9c%a8\/\"},\"author\":{\"name\":\"saintD\",\"@id\":\"https:\/\/vignerons-saint-dezery.fr\/#\/schema\/person\/3abb15ee50ac926942a569d65107bfea\"},\"headline\":\"\ud83c\udf84 La D\u00e9zir\u00e9e 2022 : Le vin blanc incontournable pour vos f\u00eates \u2728\",\"datePublished\":\"2024-12-07T16:09:56+00:00\",\"dateModified\":\"2024-12-07T16:09:56+00:00\",\"mainEntityOfPage\":{\"@id\":\"https:\/\/vignerons-saint-dezery.fr\/%f0%9f%8e%84-la-deziree-2022-le-vin-blanc-incontournable-pour-vos-fetes-%e2%9c%a8\/\"},\"wordCount\":170,\"publisher\":{\"@id\":\"https:\/\/vignerons-saint-dezery.fr\/#organization\"},\"image\":{\"@id\":\"https:\/\/vignerons-saint-dezery.fr\/%f0%9f%8e%84-la-deziree-2022-le-vin-blanc-incontournable-pour-vos-fetes-%e2%9c%a8\/#primaryimage\"},\"thumbnailUrl\":\"https:\/\/vignerons-saint-dezery.fr\/wp-content\/uploads\/2024\/12\/IMG_2706-Noel-Deziree-2022-scaled.jpg\",\"articleSection\":[\"\u00c0 la cave\"],\"inLanguage\":\"en-GB\"},{\"@type\":\"WebPage\",\"@id\":\"https:\/\/vignerons-saint-dezery.fr\/%f0%9f%8e%84-la-deziree-2022-le-vin-blanc-incontournable-pour-vos-fetes-%e2%9c%a8\/\",\"url\":\"https:\/\/vignerons-saint-dezery.fr\/%f0%9f%8e%84-la-deziree-2022-le-vin-blanc-incontournable-pour-vos-fetes-%e2%9c%a8\/\",\"name\":\"\ud83c\udf84 La D\u00e9zir\u00e9e 2022 : Le vin blanc incontournable pour vos f\u00eates \u2728 - Les vignerons de Saint-D\u00e9z\u00e9ry\",\"isPartOf\":{\"@id\":\"https:\/\/vignerons-saint-dezery.fr\/#website\"},\"primaryImageOfPage\":{\"@id\":\"https:\/\/vignerons-saint-dezery.fr\/%f0%9f%8e%84-la-deziree-2022-le-vin-blanc-incontournable-pour-vos-fetes-%e2%9c%a8\/#primaryimage\"},\"image\":{\"@id\":\"https:\/\/vignerons-saint-dezery.fr\/%f0%9f%8e%84-la-deziree-2022-le-vin-blanc-incontournable-pour-vos-fetes-%e2%9c%a8\/#primaryimage\"},\"thumbnailUrl\":\"https:\/\/vignerons-saint-dezery.fr\/wp-content\/uploads\/2024\/12\/IMG_2706-Noel-Deziree-2022-scaled.jpg\",\"datePublished\":\"2024-12-07T16:09:56+00:00\",\"dateModified\":\"2024-12-07T16:09:56+00:00\",\"description\":\"Pour cette saison festive, laissez vous s\u00e9duire par La D\u00e9zir\u00e9e 2022, notre vin blanc sp\u00e9cialement \u00e9labor\u00e9 pour accompagner vos moments gourmands et\",\"breadcrumb\":{\"@id\":\"https:\/\/vignerons-saint-dezery.fr\/%f0%9f%8e%84-la-deziree-2022-le-vin-blanc-incontournable-pour-vos-fetes-%e2%9c%a8\/#breadcrumb\"},\"inLanguage\":\"en-GB\",\"potentialAction\":[{\"@type\":\"ReadAction\",\"target\":[\"https:\/\/vignerons-saint-dezery.fr\/%f0%9f%8e%84-la-deziree-2022-le-vin-blanc-incontournable-pour-vos-fetes-%e2%9c%a8\/\"]}]},{\"@type\":\"ImageObject\",\"inLanguage\":\"en-GB\",\"@id\":\"https:\/\/vignerons-saint-dezery.fr\/%f0%9f%8e%84-la-deziree-2022-le-vin-blanc-incontournable-pour-vos-fetes-%e2%9c%a8\/#primaryimage\",\"url\":\"https:\/\/vignerons-saint-dezery.fr\/wp-content\/uploads\/2024\/12\/IMG_2706-Noel-Deziree-2022-scaled.jpg\",\"contentUrl\":\"https:\/\/vignerons-saint-dezery.fr\/wp-content\/uploads\/2024\/12\/IMG_2706-Noel-Deziree-2022-scaled.jpg\",\"width\":900,\"height\":1200},{\"@type\":\"BreadcrumbList\",\"@id\":\"https:\/\/vignerons-saint-dezery.fr\/%f0%9f%8e%84-la-deziree-2022-le-vin-blanc-incontournable-pour-vos-fetes-%e2%9c%a8\/#breadcrumb\",\"itemListElement\":[{\"@type\":\"ListItem\",\"position\":1,\"name\":\"Accueil\",\"item\":\"https:\/\/vignerons-saint-dezery.fr\/\"},{\"@type\":\"ListItem\",\"position\":2,\"name\":\"\ud83c\udf84 La D\u00e9zir\u00e9e 2022 : Le vin blanc incontournable pour vos f\u00eates \u2728\"}]},{\"@type\":\"WebSite\",\"@id\":\"https:\/\/vignerons-saint-dezery.fr\/#website\",\"url\":\"https:\/\/vignerons-saint-dezery.fr\/\",\"name\":\"Les vignerons de Saint-D\u00e9z\u00e9ry\",\"description\":\"Cave Coop\u00e9rative \u00e0 Saint-D\u00e9z\u00e9ry\",\"publisher\":{\"@id\":\"https:\/\/vignerons-saint-dezery.fr\/#organization\"},\"potentialAction\":[{\"@type\":\"SearchAction\",\"target\":{\"@type\":\"EntryPoint\",\"urlTemplate\":\"https:\/\/vignerons-saint-dezery.fr\/?s={search_term_string}\"},\"query-input\":\"required name=search_term_string\"}],\"inLanguage\":\"en-GB\"},{\"@type\":\"Organization\",\"@id\":\"https:\/\/vignerons-saint-dezery.fr\/#organization\",\"name\":\"Les vignerons de Saint-D\u00e9z\u00e9ry\",\"url\":\"https:\/\/vignerons-saint-dezery.fr\/\",\"logo\":{\"@type\":\"ImageObject\",\"inLanguage\":\"en-GB\",\"@id\":\"https:\/\/vignerons-saint-dezery.fr\/#\/schema\/logo\/image\/\",\"url\":\"https:\/\/vignerons-saint-dezery.fr\/wp-content\/uploads\/2024\/03\/logo_cave_saint_dezery-2.png\",\"contentUrl\":\"https:\/\/vignerons-saint-dezery.fr\/wp-content\/uploads\/2024\/03\/logo_cave_saint_dezery-2.png\",\"width\":172,\"height\":173,\"caption\":\"Les vignerons de Saint-D\u00e9z\u00e9ry\"},\"image\":{\"@id\":\"https:\/\/vignerons-saint-dezery.fr\/#\/schema\/logo\/image\/\"},\"sameAs\":[\"https:\/\/www.facebook.com\/cave.saintdezery\/?locale=fr_FR\",\"https:\/\/www.linkedin.com\/company\/les-vignerons-de-saint-dezery\/?originalSubdomain=fr\",\"https:\/\/www.instagram.com\/cave_saintd\/?hl=fr\"]},{\"@type\":\"Person\",\"@id\":\"https:\/\/vignerons-saint-dezery.fr\/#\/schema\/person\/3abb15ee50ac926942a569d65107bfea\",\"name\":\"saintD\",\"image\":{\"@type\":\"ImageObject\",\"inLanguage\":\"en-GB\",\"@id\":\"https:\/\/vignerons-saint-dezery.fr\/#\/schema\/person\/image\/\",\"url\":\"https:\/\/secure.gravatar.com\/avatar\/8e8fc8a7cc339ab77990f72da6b07ba5bfb1bb20e4deb2752826363bb38da3d8?s=96&d=mm&r=g\",\"contentUrl\":\"https:\/\/secure.gravatar.com\/avatar\/8e8fc8a7cc339ab77990f72da6b07ba5bfb1bb20e4deb2752826363bb38da3d8?s=96&d=mm&r=g\",\"caption\":\"saintD\"},\"url\":\"https:\/\/vignerons-saint-dezery.fr\/en\/author\/saintd\/\"}]}<\/script>\n<!-- \/ Yoast SEO plugin. -->","yoast_head_json":{"title":"\ud83c\udf84 La D\u00e9zir\u00e9e 2022 : Le vin blanc incontournable pour vos f\u00eates \u2728 - Les vignerons de Saint-D\u00e9z\u00e9ry","description":"Pour cette saison festive, laissez vous s\u00e9duire par La D\u00e9zir\u00e9e 2022, notre vin blanc sp\u00e9cialement \u00e9labor\u00e9 pour accompagner vos moments gourmands et","robots":{"index":"index","follow":"follow","max-snippet":"max-snippet:-1","max-image-preview":"max-image-preview:large","max-video-preview":"max-video-preview:-1"},"canonical":"https:\/\/vignerons-saint-dezery.fr\/en\/\ud83c\udf84-la-deziree-2022-le-vin-blanc-incontournable-pour-vos-fetes-\u2728\/","og_locale":"en_GB","og_type":"article","og_title":"\ud83c\udf84 La D\u00e9zir\u00e9e 2022 : Le vin blanc incontournable pour vos f\u00eates \u2728 - Les vignerons de Saint-D\u00e9z\u00e9ry","og_description":"Pour cette saison festive, laissez vous s\u00e9duire par La D\u00e9zir\u00e9e 2022, notre vin blanc sp\u00e9cialement \u00e9labor\u00e9 pour accompagner vos moments gourmands et","og_url":"https:\/\/vignerons-saint-dezery.fr\/en\/\ud83c\udf84-la-deziree-2022-le-vin-blanc-incontournable-pour-vos-fetes-\u2728\/","og_site_name":"Les vignerons de Saint-D\u00e9z\u00e9ry","article_publisher":"https:\/\/www.facebook.com\/cave.saintdezery\/?locale=fr_FR","article_published_time":"2024-12-07T16:09:56+00:00","og_image":[{"width":900,"height":1200,"url":"https:\/\/vignerons-saint-dezery.fr\/wp-content\/uploads\/2024\/12\/IMG_2706-Noel-Deziree-2022-scaled.jpg","type":"image\/jpeg"}],"author":"saintD","twitter_card":"summary_large_image","twitter_misc":{"Written by":"saintD","Estimated reading time":"1 minute"},"schema":{"@context":"https:\/\/schema.org","@graph":[{"@type":"Article","@id":"https:\/\/vignerons-saint-dezery.fr\/%f0%9f%8e%84-la-deziree-2022-le-vin-blanc-incontournable-pour-vos-fetes-%e2%9c%a8\/#article","isPartOf":{"@id":"https:\/\/vignerons-saint-dezery.fr\/%f0%9f%8e%84-la-deziree-2022-le-vin-blanc-incontournable-pour-vos-fetes-%e2%9c%a8\/"},"author":{"name":"saintD","@id":"https:\/\/vignerons-saint-dezery.fr\/#\/schema\/person\/3abb15ee50ac926942a569d65107bfea"},"headline":"\ud83c\udf84 La D\u00e9zir\u00e9e 2022 : Le vin blanc incontournable pour vos f\u00eates \u2728","datePublished":"2024-12-07T16:09:56+00:00","dateModified":"2024-12-07T16:09:56+00:00","mainEntityOfPage":{"@id":"https:\/\/vignerons-saint-dezery.fr\/%f0%9f%8e%84-la-deziree-2022-le-vin-blanc-incontournable-pour-vos-fetes-%e2%9c%a8\/"},"wordCount":170,"publisher":{"@id":"https:\/\/vignerons-saint-dezery.fr\/#organization"},"image":{"@id":"https:\/\/vignerons-saint-dezery.fr\/%f0%9f%8e%84-la-deziree-2022-le-vin-blanc-incontournable-pour-vos-fetes-%e2%9c%a8\/#primaryimage"},"thumbnailUrl":"https:\/\/vignerons-saint-dezery.fr\/wp-content\/uploads\/2024\/12\/IMG_2706-Noel-Deziree-2022-scaled.jpg","articleSection":["\u00c0 la cave"],"inLanguage":"en-GB"},{"@type":"WebPage","@id":"https:\/\/vignerons-saint-dezery.fr\/%f0%9f%8e%84-la-deziree-2022-le-vin-blanc-incontournable-pour-vos-fetes-%e2%9c%a8\/","url":"https:\/\/vignerons-saint-dezery.fr\/%f0%9f%8e%84-la-deziree-2022-le-vin-blanc-incontournable-pour-vos-fetes-%e2%9c%a8\/","name":"\ud83c\udf84 La D\u00e9zir\u00e9e 2022 : Le vin blanc incontournable pour vos f\u00eates \u2728 - Les vignerons de Saint-D\u00e9z\u00e9ry","isPartOf":{"@id":"https:\/\/vignerons-saint-dezery.fr\/#website"},"primaryImageOfPage":{"@id":"https:\/\/vignerons-saint-dezery.fr\/%f0%9f%8e%84-la-deziree-2022-le-vin-blanc-incontournable-pour-vos-fetes-%e2%9c%a8\/#primaryimage"},"image":{"@id":"https:\/\/vignerons-saint-dezery.fr\/%f0%9f%8e%84-la-deziree-2022-le-vin-blanc-incontournable-pour-vos-fetes-%e2%9c%a8\/#primaryimage"},"thumbnailUrl":"https:\/\/vignerons-saint-dezery.fr\/wp-content\/uploads\/2024\/12\/IMG_2706-Noel-Deziree-2022-scaled.jpg","datePublished":"2024-12-07T16:09:56+00:00","dateModified":"2024-12-07T16:09:56+00:00","description":"Pour cette saison festive, laissez vous s\u00e9duire par La D\u00e9zir\u00e9e 2022, notre vin blanc sp\u00e9cialement \u00e9labor\u00e9 pour accompagner vos moments gourmands et","breadcrumb":{"@id":"https:\/\/vignerons-saint-dezery.fr\/%f0%9f%8e%84-la-deziree-2022-le-vin-blanc-incontournable-pour-vos-fetes-%e2%9c%a8\/#breadcrumb"},"inLanguage":"en-GB","potentialAction":[{"@type":"ReadAction","target":["https:\/\/vignerons-saint-dezery.fr\/%f0%9f%8e%84-la-deziree-2022-le-vin-blanc-incontournable-pour-vos-fetes-%e2%9c%a8\/"]}]},{"@type":"ImageObject","inLanguage":"en-GB","@id":"https:\/\/vignerons-saint-dezery.fr\/%f0%9f%8e%84-la-deziree-2022-le-vin-blanc-incontournable-pour-vos-fetes-%e2%9c%a8\/#primaryimage","url":"https:\/\/vignerons-saint-dezery.fr\/wp-content\/uploads\/2024\/12\/IMG_2706-Noel-Deziree-2022-scaled.jpg","contentUrl":"https:\/\/vignerons-saint-dezery.fr\/wp-content\/uploads\/2024\/12\/IMG_2706-Noel-Deziree-2022-scaled.jpg","width":900,"height":1200},{"@type":"BreadcrumbList","@id":"https:\/\/vignerons-saint-dezery.fr\/%f0%9f%8e%84-la-deziree-2022-le-vin-blanc-incontournable-pour-vos-fetes-%e2%9c%a8\/#breadcrumb","itemListElement":[{"@type":"ListItem","position":1,"name":"Accueil","item":"https:\/\/vignerons-saint-dezery.fr\/"},{"@type":"ListItem","position":2,"name":"\ud83c\udf84 La D\u00e9zir\u00e9e 2022 : Le vin blanc incontournable pour vos f\u00eates \u2728"}]},{"@type":"WebSite","@id":"https:\/\/vignerons-saint-dezery.fr\/#website","url":"https:\/\/vignerons-saint-dezery.fr\/","name":"Les vignerons de Saint-D\u00e9z\u00e9ry","description":"Cave Coop\u00e9rative \u00e0 Saint-D\u00e9z\u00e9ry","publisher":{"@id":"https:\/\/vignerons-saint-dezery.fr\/#organization"},"potentialAction":[{"@type":"SearchAction","target":{"@type":"EntryPoint","urlTemplate":"https:\/\/vignerons-saint-dezery.fr\/?s={search_term_string}"},"query-input":"required name=search_term_string"}],"inLanguage":"en-GB"},{"@type":"Organization","@id":"https:\/\/vignerons-saint-dezery.fr\/#organization","name":"Les vignerons de Saint-D\u00e9z\u00e9ry","url":"https:\/\/vignerons-saint-dezery.fr\/","logo":{"@type":"ImageObject","inLanguage":"en-GB","@id":"https:\/\/vignerons-saint-dezery.fr\/#\/schema\/logo\/image\/","url":"https:\/\/vignerons-saint-dezery.fr\/wp-content\/uploads\/2024\/03\/logo_cave_saint_dezery-2.png","contentUrl":"https:\/\/vignerons-saint-dezery.fr\/wp-content\/uploads\/2024\/03\/logo_cave_saint_dezery-2.png","width":172,"height":173,"caption":"Les vignerons de Saint-D\u00e9z\u00e9ry"},"image":{"@id":"https:\/\/vignerons-saint-dezery.fr\/#\/schema\/logo\/image\/"},"sameAs":["https:\/\/www.facebook.com\/cave.saintdezery\/?locale=fr_FR","https:\/\/www.linkedin.com\/company\/les-vignerons-de-saint-dezery\/?originalSubdomain=fr","https:\/\/www.instagram.com\/cave_saintd\/?hl=fr"]},{"@type":"Person","@id":"https:\/\/vignerons-saint-dezery.fr\/#\/schema\/person\/3abb15ee50ac926942a569d65107bfea","name":"saintD","image":{"@type":"ImageObject","inLanguage":"en-GB","@id":"https:\/\/vignerons-saint-dezery.fr\/#\/schema\/person\/image\/","url":"https:\/\/secure.gravatar.com\/avatar\/8e8fc8a7cc339ab77990f72da6b07ba5bfb1bb20e4deb2752826363bb38da3d8?s=96&d=mm&r=g","contentUrl":"https:\/\/secure.gravatar.com\/avatar\/8e8fc8a7cc339ab77990f72da6b07ba5bfb1bb20e4deb2752826363bb38da3d8?s=96&d=mm&r=g","caption":"saintD"},"url":"https:\/\/vignerons-saint-dezery.fr\/en\/author\/saintd\/"}]}},"_links":{"self":[{"href":"https:\/\/vignerons-saint-dezery.fr\/en\/wp-json\/wp\/v2\/posts\/3332","targetHints":{"allow":["GET"]}}],"collection":[{"href":"https:\/\/vignerons-saint-dezery.fr\/en\/wp-json\/wp\/v2\/posts"}],"about":[{"href":"https:\/\/vignerons-saint-dezery.fr\/en\/wp-json\/wp\/v2\/types\/post"}],"author":[{"embeddable":true,"href":"https:\/\/vignerons-saint-dezery.fr\/en\/wp-json\/wp\/v2\/users\/2"}],"replies":[{"embeddable":true,"href":"https:\/\/vignerons-saint-dezery.fr\/en\/wp-json\/wp\/v2\/comments?post=3332"}],"version-history":[{"count":1,"href":"https:\/\/vignerons-saint-dezery.fr\/en\/wp-json\/wp\/v2\/posts\/3332\/revisions"}],"predecessor-version":[{"id":3334,"href":"https:\/\/vignerons-saint-dezery.fr\/en\/wp-json\/wp\/v2\/posts\/3332\/revisions\/3334"}],"wp:featuredmedia":[{"embeddable":true,"href":"https:\/\/vignerons-saint-dezery.fr\/en\/wp-json\/wp\/v2\/media\/3333"}],"wp:attachment":[{"href":"https:\/\/vignerons-saint-dezery.fr\/en\/wp-json\/wp\/v2\/media?parent=3332"}],"wp:term":[{"taxonomy":"category","embeddable":true,"href":"https:\/\/vignerons-saint-dezery.fr\/en\/wp-json\/wp\/v2\/categories?post=3332"},{"taxonomy":"post_tag","embeddable":true,"href":"https:\/\/vignerons-saint-dezery.fr\/en\/wp-json\/wp\/v2\/tags?post=3332"}],"curies":[{"name":"wp","href":"https:\/\/api.w.org\/{rel}","templated":true}]}}